{"id":2898,"date":"2022-09-10T18:22:47","date_gmt":"2022-09-10T16:22:47","guid":{"rendered":"https:\/\/feuerwehr.duens.at\/?p=2898"},"modified":"2022-09-13T10:44:36","modified_gmt":"2022-09-13T08:44:36","slug":"8-raiffeisen-seifenkisten-grand-prix-2022","status":"publish","type":"post","link":"https:\/\/feuerwehr.duens.at\/?p=2898","title":{"rendered":"8. Raiffeisen Feuerwehrjugend Seifenkisten Grand Prix 2022"},"content":{"rendered":"\n<figure class=\"wp-block-image size-large\"><img loading=\"lazy\" decoding=\"async\" width=\"1024\" height=\"292\" src=\"https:\/\/feuerwehr.duens.at\/wp-content\/uploads\/2022\/04\/SKGP_Banner_2022_Web-1024x292.png\" alt=\"\" class=\"wp-image-2876\" srcset=\"https:\/\/feuerwehr.duens.at\/wp-content\/uploads\/2022\/04\/SKGP_Banner_2022_Web-1024x292.png 1024w, https:\/\/feuerwehr.duens.at\/wp-content\/uploads\/2022\/04\/SKGP_Banner_2022_Web-300x86.png 300w, https:\/\/feuerwehr.duens.at\/wp-content\/uploads\/2022\/04\/SKGP_Banner_2022_Web-768x219.png 768w, https:\/\/feuerwehr.duens.at\/wp-content\/uploads\/2022\/04\/SKGP_Banner_2022_Web-1536x439.png 1536w, https:\/\/feuerwehr.duens.at\/wp-content\/uploads\/2022\/04\/SKGP_Banner_2022_Web-2048x585.png 2048w\" sizes=\"auto, (max-width: 1024px) 100vw, 1024px\" \/><\/figure>\n\n\n\n<p><\/p>\n\n\n\n<p>Am 10. September ging bereits zum 8. Mal der Feuerwehrjugend Seifenkisten Grand Prix in D\u00fcns \u00fcber die B\u00fchne. Dieses Jahr bekamen die Teams erstmals die M\u00f6glichkeit ihre fahrerischen F\u00e4higkeiten auf nassem Asphalt zu demonstrieren. Denn leider meinte es der Wettergott nicht ganz so gut und verwandelte die Strecke in eine Schleuderpiste. Vor allem dadurch gab es auf der selektiven Strecke, gespickt mit scharfen Kurven und Schikanen, doch einige Ausritte, Dreher und sogar \u00dcberschl\u00e4ge f\u00fcr die Zuschauer zu sehen und war somit an Spannung kaum zu \u00fcberbieten. Allesamt gingen zum Gl\u00fcck glimpflich aus. Den ein oder anderen Boliden mussten die Jungs und M\u00e4dchen im Fahrerlager unter Hochdruck wieder fahrtauglich machen und diverse Kampfspuren beseitigen.<\/p>\n\n\n\n<p>Urspr\u00fcnglich w\u00e4ren nach einem Probedurchgang zwei gewertete Durchg\u00e4nge geplant gewesen. Nach einer regenbedingten Rennunterbrechung wurde der Modus aus Zeitgr\u00fcnden auf einen gewerteten Lauf gek\u00fcrzt.<\/p>\n\n\n\n<p>Am besten zurecht mit den nassen Verh\u00e4ltnissen kam die \u201e<em>schnellste Fahrerin<\/em>\u201c <strong>Birk Julia<\/strong> von der Feuerwehr G\u00f6tzis. Mit einer Zeit von <strong>1:16.08<\/strong> sicherte sie sich den Tagessieg. In der Kategorie \u201e<em>schnellster Fahrer<\/em>\u201c konnte sich <strong>Rohner Jesse<\/strong> von der Feuerwehr Wolfurt knapp behaupten und sich mit einer Zeit von <strong>1:08.13<\/strong> den Tagessieg holen.<\/p>\n\n\n\n<p>Bei der Teamwertung wurden alle drei L\u00e4ufe der drei Teammitglieder zu einer Gesamtzeit addiert. Das schnellste Team mit einer Gesamtzeit von <strong>3:54.63<\/strong> war in diesem Jahr das Team \u201e<strong>G\u00f6tzis 1<\/strong>\u201c mit den L\u00e4ufern <strong>Loacker<\/strong> <strong>Marcel, Birk Matthias <\/strong>und<strong> H\u00f6gger Leon. <\/strong>Dicht dahinter auf dem zweiten Platz mit einer Zeit von <strong>3:58.99<\/strong> landete das Team \u201e<strong>Altach 1<\/strong>\u201c mit den Fahrern <strong>Degenhardt Elias, Rohrer Felix und Lins Alexander.<\/strong> Den dritten Rang holte sich das Team <strong>\u201eWolfurt 1\u201c <\/strong>mit einer Zeit von <strong>4:06.59<\/strong> und den Fahrern <strong>Schertler Levin<\/strong>, <strong>Riad Laurin<\/strong> und <strong>Gmeiner Fabian<\/strong>.<\/p>\n\n\n\n<p>Bei der Wahl zur originellsten Seifenkiste konnte der Rennbolide der Feuerwehrjugend <strong>Langen<\/strong> die Jury am meisten \u00fcberzeugen. Auf den R\u00e4ngen zwei und drei folgen die die Seifenkiste der Feuerwehr <strong>Gai\u00dfau<\/strong> und die Kiste der Feuerwehrjugend <strong>Satteins<\/strong>. &nbsp;<\/p>\n\n\n\n<p>Die Ortsfeuerwehr D\u00fcns gratuliert allen jungen Rennfahrerinnen und Rennfahrern f\u00fcr die gezeigten Leistungen und bedankt sich recht herzlich bei allen Jugendbetreuern, Zuschauern und Sponsoren f\u00fcr die &#8211; trotz Regen &#8211; sehr gelungene 8. Ausgabe des Raiffeisen Feuerwehrjugend Seifenkisten Grand Prix 2022 in D\u00fcns. Bei der Siegerehrung zeigte sich der Wettergott \u00fcbrigens wieder vers\u00f6hnlich.<\/p>\n\n\n\n<p><\/p>\n\n\n\n<p><strong>Ergebnisse 2022<\/strong><\/p>\n\n\n\n<p><a href=\"https:\/\/feuerwehr.duens.at\/wp-content\/uploads\/2022\/09\/Ergebnisliste-Gesamtwertung-2022.pdf\" target=\"_blank\" rel=\"noreferrer noopener\">Einzelwertung<\/a><\/p>\n\n\n\n<p><a href=\"https:\/\/feuerwehr.duens.at\/wp-content\/uploads\/2022\/09\/Ergebnisliste-Schnellste-FahrerIn-2022.pdf\" target=\"_blank\" rel=\"noreferrer noopener\">Schnellste Fahrerin \/ Schnellster Fahrer<\/a><\/p>\n\n\n\n<p><a href=\"https:\/\/feuerwehr.duens.at\/wp-content\/uploads\/2022\/09\/Team-Ergebnisliste-Gesamtwertung-2022.pdf\" target=\"_blank\" rel=\"noreferrer noopener\">Mannschaftswertung<\/a><\/p>\n\n\n\nngg_shortcode_0_placeholder\n","protected":false},"excerpt":{"rendered":"<p>Am 10. September ging bereits zum 8. Mal der Feuerwehrjugend Seifenkisten Grand Prix in D\u00fcns \u00fcber die B\u00fchne. Dieses Jahr bekamen die Teams erstmals die M\u00f6glichkeit ihre fahrerischen F\u00e4higkeiten auf &#8230;<\/p>\n","protected":false},"author":3,"featured_media":3268,"comment_status":"open","ping_status":"open","sticky":false,"template":"","format":"standard","meta":{"ngg_post_thumbnail":0,"footnotes":""},"categories":[7,4],"tags":[],"class_list":["post-2898","post","type-post","status-publish","format-standard","has-post-thumbnail","hentry","category-jugend","category-news"],"_links":{"self":[{"href":"https:\/\/feuerwehr.duens.at\/index.php?rest_route=\/wp\/v2\/posts\/2898","targetHints":{"allow":["GET"]}}],"collection":[{"href":"https:\/\/feuerwehr.duens.at\/index.php?rest_route=\/wp\/v2\/posts"}],"about":[{"href":"https:\/\/feuerwehr.duens.at\/index.php?rest_route=\/wp\/v2\/types\/post"}],"author":[{"embeddable":true,"href":"https:\/\/feuerwehr.duens.at\/index.php?rest_route=\/wp\/v2\/users\/3"}],"replies":[{"embeddable":true,"href":"https:\/\/feuerwehr.duens.at\/index.php?rest_route=%2Fwp%2Fv2%2Fcomments&post=2898"}],"version-history":[{"count":7,"href":"https:\/\/feuerwehr.duens.at\/index.php?rest_route=\/wp\/v2\/posts\/2898\/revisions"}],"predecessor-version":[{"id":3267,"href":"https:\/\/feuerwehr.duens.at\/index.php?rest_route=\/wp\/v2\/posts\/2898\/revisions\/3267"}],"wp:featuredmedia":[{"embeddable":true,"href":"https:\/\/feuerwehr.duens.at\/index.php?rest_route=\/wp\/v2\/media\/3268"}],"wp:attachment":[{"href":"https:\/\/feuerwehr.duens.at\/index.php?rest_route=%2Fwp%2Fv2%2Fmedia&parent=2898"}],"wp:term":[{"taxonomy":"category","embeddable":true,"href":"https:\/\/feuerwehr.duens.at\/index.php?rest_route=%2Fwp%2Fv2%2Fcategories&post=2898"},{"taxonomy":"post_tag","embeddable":true,"href":"https:\/\/feuerwehr.duens.at\/index.php?rest_route=%2Fwp%2Fv2%2Ftags&post=2898"}],"curies":[{"name":"wp","href":"https:\/\/api.w.org\/{rel}","templated":true}]}}