{"id":3756,"date":"2024-07-15T08:51:40","date_gmt":"2024-07-15T06:51:40","guid":{"rendered":"https:\/\/feuerwehr.duens.at\/?p=3756"},"modified":"2024-07-16T13:44:15","modified_gmt":"2024-07-16T11:44:15","slug":"1-und-3-rang-bei-den-bezirks-nassbewerben-in-klaus","status":"publish","type":"post","link":"https:\/\/feuerwehr.duens.at\/?p=3756","title":{"rendered":"1. und 3. Rang bei den Bezirks-Nassbewerben in Klaus"},"content":{"rendered":"\n<p>Sensationelle Leistungen zeigten die drei D\u00fcnser Gruppen am vergangenen Wochenende bei den Nassl\u00f6sch-Leistungsbewerben in Klaus. Die Gruppe D\u00fcns 3 erreichte in der Klasse B den ausgezeichneten 5. Rang. Die Gruppen D\u00fcns 2 und D\u00fcns 1 standen mit dem 6. bzw. dem 1. Rang in der Klasse A im Finale um die Goldene Pumpe. Im Finale zeigten beide Gruppen absolute Nervenst\u00e4rke. So holte sich die Gruppe D\u00fcns 2 mit der zweitbesten Laufzeit im Finale den 3. Gesamtrang, und die Gruppe D\u00fcns 1 erreichte mit zweimal der Tagesbestzeit den 1. Gesamtrang und damit die Goldene Pumpe.<\/p>\n\n\n\n<div data-wp-interactive=\"core\/file\" class=\"wp-block-file\"><object data-wp-bind--hidden=\"!state.hasPdfPreview\" hidden class=\"wp-block-file__embed\" data=\"https:\/\/feuerwehr.duens.at\/wp-content\/uploads\/2024\/07\/Feldkirch_39_Nassleistungsbewerb_Rangliste.pdf\" type=\"application\/pdf\" style=\"width:100%;height:600px\" aria-label=\"Einbettung von Feldkirch_39_Nassleistungsbewerb_Rangliste.\"><\/object><a id=\"wp-block-file--media-ab4f3756-db90-4fc6-ae40-fc8c1caf2762\" href=\"https:\/\/feuerwehr.duens.at\/wp-content\/uploads\/2024\/07\/Feldkirch_39_Nassleistungsbewerb_Rangliste.pdf\">Feldkirch_39_Nassleistungsbewerb_Rangliste<\/a><a href=\"https:\/\/feuerwehr.duens.at\/wp-content\/uploads\/2024\/07\/Feldkirch_39_Nassleistungsbewerb_Rangliste.pdf\" class=\"wp-block-file__button wp-element-button\" download aria-describedby=\"wp-block-file--media-ab4f3756-db90-4fc6-ae40-fc8c1caf2762\">Herunterladen<\/a><\/div>\n","protected":false},"excerpt":{"rendered":"<p>Sensationelle Leistungen zeigten die drei D\u00fcnser Gruppen am vergangenen Wochenende bei den Nassl\u00f6sch-Leistungsbewerben in Klaus. Die Gruppe D\u00fcns 3 erreichte in der Klasse B den ausgezeichneten 5. Rang. Die Gruppen &#8230;<\/p>\n","protected":false},"author":3,"featured_media":3757,"comment_status":"open","ping_status":"open","sticky":false,"template":"","format":"standard","meta":{"ngg_post_thumbnail":0,"footnotes":""},"categories":[4,5],"tags":[],"class_list":["post-3756","post","type-post","status-publish","format-standard","has-post-thumbnail","hentry","category-news","category-wettkampf"],"_links":{"self":[{"href":"https:\/\/feuerwehr.duens.at\/index.php?rest_route=\/wp\/v2\/posts\/3756","targetHints":{"allow":["GET"]}}],"collection":[{"href":"https:\/\/feuerwehr.duens.at\/index.php?rest_route=\/wp\/v2\/posts"}],"about":[{"href":"https:\/\/feuerwehr.duens.at\/index.php?rest_route=\/wp\/v2\/types\/post"}],"author":[{"embeddable":true,"href":"https:\/\/feuerwehr.duens.at\/index.php?rest_route=\/wp\/v2\/users\/3"}],"replies":[{"embeddable":true,"href":"https:\/\/feuerwehr.duens.at\/index.php?rest_route=%2Fwp%2Fv2%2Fcomments&post=3756"}],"version-history":[{"count":3,"href":"https:\/\/feuerwehr.duens.at\/index.php?rest_route=\/wp\/v2\/posts\/3756\/revisions"}],"predecessor-version":[{"id":3761,"href":"https:\/\/feuerwehr.duens.at\/index.php?rest_route=\/wp\/v2\/posts\/3756\/revisions\/3761"}],"wp:featuredmedia":[{"embeddable":true,"href":"https:\/\/feuerwehr.duens.at\/index.php?rest_route=\/wp\/v2\/media\/3757"}],"wp:attachment":[{"href":"https:\/\/feuerwehr.duens.at\/index.php?rest_route=%2Fwp%2Fv2%2Fmedia&parent=3756"}],"wp:term":[{"taxonomy":"category","embeddable":true,"href":"https:\/\/feuerwehr.duens.at\/index.php?rest_route=%2Fwp%2Fv2%2Fcategories&post=3756"},{"taxonomy":"post_tag","embeddable":true,"href":"https:\/\/feuerwehr.duens.at\/index.php?rest_route=%2Fwp%2Fv2%2Ftags&post=3756"}],"curies":[{"name":"wp","href":"https:\/\/api.w.org\/{rel}","templated":true}]}}