{"id":3762,"date":"2024-09-02T11:29:37","date_gmt":"2024-09-02T09:29:37","guid":{"rendered":"https:\/\/feuerwehr.duens.at\/?p=3762"},"modified":"2024-09-02T11:52:54","modified_gmt":"2024-09-02T09:52:54","slug":"7-rang-bei-den-bundesbewerben-2024-in-feldkirch","status":"publish","type":"post","link":"https:\/\/feuerwehr.duens.at\/?p=3762","title":{"rendered":"7. Rang bei den Bundesbewerben 2024 in Feldkirch"},"content":{"rendered":"\n<p>Bei strahlendem Kaiserwetter und perfekten Bedingungen trat unsere Truppe &#8222;D\u00fcns1&#8220; beim 14. BFLB in Feldkirch\/Gisingen an. Zum Saisonabschluss konnten wir noch einmal unser volles Potenzial aussch\u00f6pfen. Trotz einer Umstellung aufgrund einer Verletzung unseres 2ers gelang uns eine beeindruckende Zeit von 30,54 Sekunden fehlerfrei im L\u00f6schangriff und ein starker Staffellauf mit 51,67 Sekunden FF in der K\u00f6nigsdisziplin Bronze A. Damit sicherten wir uns den hervorragenden 7. Platz von 140 Gruppen aus ganz \u00d6sterreich \ud83c\udde6\ud83c\uddf9. Als beste Vorarlberger Gruppe in Bronze A am Vormittag waren wir motiviert, uns auch beim Firecup der besten 24 Gruppen aus \u00d6sterreich zu beweisen. Mit einer soliden Zeit von 32,58 Sekunden, aber leider 10 Fehlerpunkten, erreichten wir schlie\u00dflich den 9. Rang.<\/p>\n\n\n\n<figure class=\"wp-block-image size-large\"><img loading=\"lazy\" decoding=\"async\" width=\"1024\" height=\"724\" src=\"https:\/\/feuerwehr.duens.at\/wp-content\/uploads\/2024\/09\/image-1-1024x724.png\" alt=\"\" class=\"wp-image-3766\" srcset=\"https:\/\/feuerwehr.duens.at\/wp-content\/uploads\/2024\/09\/image-1-1024x724.png 1024w, https:\/\/feuerwehr.duens.at\/wp-content\/uploads\/2024\/09\/image-1-300x212.png 300w, https:\/\/feuerwehr.duens.at\/wp-content\/uploads\/2024\/09\/image-1-768x543.png 768w, https:\/\/feuerwehr.duens.at\/wp-content\/uploads\/2024\/09\/image-1.png 1353w\" sizes=\"auto, (max-width: 1024px) 100vw, 1024px\" \/><\/figure>\n\n\n\n<figure class=\"wp-block-image size-large\"><img loading=\"lazy\" decoding=\"async\" width=\"1024\" height=\"724\" src=\"https:\/\/feuerwehr.duens.at\/wp-content\/uploads\/2024\/09\/image-1024x724.png\" alt=\"\" class=\"wp-image-3765\" srcset=\"https:\/\/feuerwehr.duens.at\/wp-content\/uploads\/2024\/09\/image-1024x724.png 1024w, https:\/\/feuerwehr.duens.at\/wp-content\/uploads\/2024\/09\/image-300x212.png 300w, https:\/\/feuerwehr.duens.at\/wp-content\/uploads\/2024\/09\/image-768x543.png 768w, https:\/\/feuerwehr.duens.at\/wp-content\/uploads\/2024\/09\/image.png 1286w\" sizes=\"auto, (max-width: 1024px) 100vw, 1024px\" \/><\/figure>\n","protected":false},"excerpt":{"rendered":"<p>Bei strahlendem Kaiserwetter und perfekten Bedingungen trat unsere Truppe &#8222;D\u00fcns1&#8220; beim 14. BFLB in Feldkirch\/Gisingen an. Zum Saisonabschluss konnten wir noch einmal unser volles Potenzial aussch\u00f6pfen. Trotz einer Umstellung aufgrund &#8230;<\/p>\n","protected":false},"author":3,"featured_media":3763,"comment_status":"open","ping_status":"open","sticky":false,"template":"","format":"standard","meta":{"ngg_post_thumbnail":0,"footnotes":""},"categories":[4,5],"tags":[],"class_list":["post-3762","post","type-post","status-publish","format-standard","has-post-thumbnail","hentry","category-news","category-wettkampf"],"_links":{"self":[{"href":"https:\/\/feuerwehr.duens.at\/index.php?rest_route=\/wp\/v2\/posts\/3762","targetHints":{"allow":["GET"]}}],"collection":[{"href":"https:\/\/feuerwehr.duens.at\/index.php?rest_route=\/wp\/v2\/posts"}],"about":[{"href":"https:\/\/feuerwehr.duens.at\/index.php?rest_route=\/wp\/v2\/types\/post"}],"author":[{"embeddable":true,"href":"https:\/\/feuerwehr.duens.at\/index.php?rest_route=\/wp\/v2\/users\/3"}],"replies":[{"embeddable":true,"href":"https:\/\/feuerwehr.duens.at\/index.php?rest_route=%2Fwp%2Fv2%2Fcomments&post=3762"}],"version-history":[{"count":2,"href":"https:\/\/feuerwehr.duens.at\/index.php?rest_route=\/wp\/v2\/posts\/3762\/revisions"}],"predecessor-version":[{"id":3767,"href":"https:\/\/feuerwehr.duens.at\/index.php?rest_route=\/wp\/v2\/posts\/3762\/revisions\/3767"}],"wp:featuredmedia":[{"embeddable":true,"href":"https:\/\/feuerwehr.duens.at\/index.php?rest_route=\/wp\/v2\/media\/3763"}],"wp:attachment":[{"href":"https:\/\/feuerwehr.duens.at\/index.php?rest_route=%2Fwp%2Fv2%2Fmedia&parent=3762"}],"wp:term":[{"taxonomy":"category","embeddable":true,"href":"https:\/\/feuerwehr.duens.at\/index.php?rest_route=%2Fwp%2Fv2%2Fcategories&post=3762"},{"taxonomy":"post_tag","embeddable":true,"href":"https:\/\/feuerwehr.duens.at\/index.php?rest_route=%2Fwp%2Fv2%2Ftags&post=3762"}],"curies":[{"name":"wp","href":"https:\/\/api.w.org\/{rel}","templated":true}]}}